{"id":5813,"date":"2019-04-01T00:04:03","date_gmt":"2019-03-31T22:04:03","guid":{"rendered":"http:\/\/www.davidmichaelclarke.com\/?p=5813"},"modified":"2019-05-28T20:43:42","modified_gmt":"2019-05-28T18:43:42","slug":"sunnyside-suite-2","status":"publish","type":"post","link":"http:\/\/www.davidmichaelclarke.com\/?p=5813&lang=fr","title":{"rendered":"Sunnyside Suite"},"content":{"rendered":"\n<p><strong>Mobilier (canap\u00e9-lit &amp; deux fauteuils), 2019.<\/strong> <br>Contreplaqu\u00e9 peint, tissu coton, mousse. <br>Production Artoth\u00e8que de Vitr\u00e9. <\/p>\n\n\n\n<figure class=\"wp-block-image\"><img loading=\"lazy\" decoding=\"async\" width=\"1000\" height=\"667\" src=\"http:\/\/www.davidmichaelclarke.com\/wp-content\/uploads\/2019\/05\/sunnyside-fauteuil-2524a-1.jpg\" alt=\"\" class=\"wp-image-5816\" srcset=\"http:\/\/www.davidmichaelclarke.com\/wp-content\/uploads\/2019\/05\/sunnyside-fauteuil-2524a-1.jpg 1000w, http:\/\/www.davidmichaelclarke.com\/wp-content\/uploads\/2019\/05\/sunnyside-fauteuil-2524a-1-330x220.jpg 330w, http:\/\/www.davidmichaelclarke.com\/wp-content\/uploads\/2019\/05\/sunnyside-fauteuil-2524a-1-768x512.jpg 768w\" sizes=\"(max-width: 1000px) 100vw, 1000px\" \/><figcaption>Mobilier Sunnyside. Fauteuil. 2019. Photo David Michael Clarke. \u00a9 ADAGP, Paris 2019 \/ David Michael Clarke.<\/figcaption><\/figure>\n\n\n\n<!-- index.php -->\n<div\n\tclass=\"ngg-galleryoverview\n\t ngg-ajax-pagination-none\t\"\n\tid=\"ngg-gallery-61e556d9537082349d44ec19507bd6ad-1\">\n\n\t\t\t<!-- Thumbnails -->\n\t\t\t\t<div id=\"ngg-image-0\" class=\"ngg-gallery-thumbnail-box\" \n\t\t\t\t\t\t\t\t\t\t\t>\n\t\t\t\t\t\t<div class=\"ngg-gallery-thumbnail\">\n\t\t\t<a href=\"http:\/\/www.davidmichaelclarke.com\/wp-content\/gallery\/sunnyside\/sunnyside-fauteuil-2522a.jpg\"\n\t\t\t\ttitle=\"Mobilier Sunnyside. Fauteuil. 2019. Photo David Michael Clarke. \u00a9 ADAGP, Paris 2019 \/ David Michael Clarke.\"\n\t\t\t\tdata-src=\"http:\/\/www.davidmichaelclarke.com\/wp-content\/gallery\/sunnyside\/sunnyside-fauteuil-2522a.jpg\"\n\t\t\t\tdata-thumbnail=\"http:\/\/www.davidmichaelclarke.com\/wp-content\/gallery\/sunnyside\/thumbs\/thumbs_sunnyside-fauteuil-2522a.jpg\"\n\t\t\t\tdata-image-id=\"1296\"\n\t\t\t\tdata-title=\"Mobilier Sunnyside. Fauteuil. 2019. Photo David Michael Clarke. \u00a9 ADAGP, Paris 2019 \/ David Michael Clarke.\"\n\t\t\t\tdata-description=\"Mobilier Sunnyside. Fauteuil. 2019. Photo David Michael Clarke. \u00a9 ADAGP, Paris 2019 \/ David Michael Clarke.\"\n\t\t\t\tdata-image-slug=\"sunnyside-fauteuil-2522a\"\n\t\t\t\tclass=\"ngg-fancybox\" rel=\"61e556d9537082349d44ec19507bd6ad\">\n\t\t\t\t<img\n\t\t\t\t\ttitle=\"Mobilier Sunnyside. Fauteuil. 2019. Photo David Michael Clarke. \u00a9 ADAGP, Paris 2019 \/ David Michael Clarke.\"\n\t\t\t\t\talt=\"Mobilier Sunnyside. Fauteuil. 2019. Photo David Michael Clarke. \u00a9 ADAGP, Paris 2019 \/ David Michael Clarke.\"\n\t\t\t\t\tsrc=\"http:\/\/www.davidmichaelclarke.com\/wp-content\/gallery\/sunnyside\/thumbs\/thumbs_sunnyside-fauteuil-2522a.jpg\"\n\t\t\t\t\twidth=\"210\"\n\t\t\t\t\theight=\"140\"\n\t\t\t\t\tstyle=\"max-width:100%;\"\n\t\t\t\t\/>\n\t\t\t<\/a>\n\t\t<\/div>\n\t\t\t\t\t\t\t<\/div> \n\t\t\t\n\t\t\n\t\t\t\t<div id=\"ngg-image-1\" class=\"ngg-gallery-thumbnail-box\" \n\t\t\t\t\t\t\t\t\t\t\t>\n\t\t\t\t\t\t<div class=\"ngg-gallery-thumbnail\">\n\t\t\t<a href=\"http:\/\/www.davidmichaelclarke.com\/wp-content\/gallery\/sunnyside\/sunnyside-fauteuil-2530a.jpg\"\n\t\t\t\ttitle=\"Mobilier Sunnyside. Fauteuil. 2019. Photo David Michael Clarke. \u00a9 ADAGP, Paris 2019 \/ David Michael Clarke.\"\n\t\t\t\tdata-src=\"http:\/\/www.davidmichaelclarke.com\/wp-content\/gallery\/sunnyside\/sunnyside-fauteuil-2530a.jpg\"\n\t\t\t\tdata-thumbnail=\"http:\/\/www.davidmichaelclarke.com\/wp-content\/gallery\/sunnyside\/thumbs\/thumbs_sunnyside-fauteuil-2530a.jpg\"\n\t\t\t\tdata-image-id=\"1298\"\n\t\t\t\tdata-title=\"Mobilier Sunnyside. Fauteuil. 2019. Photo David Michael Clarke. \u00a9 ADAGP, Paris 2019 \/ David Michael Clarke.\"\n\t\t\t\tdata-description=\"Mobilier Sunnyside. Fauteuil. 2019. Photo David Michael Clarke. \u00a9 ADAGP, Paris 2019 \/ David Michael Clarke.\"\n\t\t\t\tdata-image-slug=\"sunnyside-fauteuil-2530a\"\n\t\t\t\tclass=\"ngg-fancybox\" rel=\"61e556d9537082349d44ec19507bd6ad\">\n\t\t\t\t<img\n\t\t\t\t\ttitle=\"Mobilier Sunnyside. Fauteuil. 2019. Photo David Michael Clarke. \u00a9 ADAGP, Paris 2019 \/ David Michael Clarke.\"\n\t\t\t\t\talt=\"Mobilier Sunnyside. Fauteuil. 2019. Photo David Michael Clarke. \u00a9 ADAGP, Paris 2019 \/ David Michael Clarke.\"\n\t\t\t\t\tsrc=\"http:\/\/www.davidmichaelclarke.com\/wp-content\/gallery\/sunnyside\/thumbs\/thumbs_sunnyside-fauteuil-2530a.jpg\"\n\t\t\t\t\twidth=\"210\"\n\t\t\t\t\theight=\"140\"\n\t\t\t\t\tstyle=\"max-width:100%;\"\n\t\t\t\t\/>\n\t\t\t<\/a>\n\t\t<\/div>\n\t\t\t\t\t\t\t<\/div> \n\t\t\t\n\t\t\n\t\t\t\t<div id=\"ngg-image-2\" class=\"ngg-gallery-thumbnail-box\" \n\t\t\t\t\t\t\t\t\t\t\t>\n\t\t\t\t\t\t<div class=\"ngg-gallery-thumbnail\">\n\t\t\t<a href=\"http:\/\/www.davidmichaelclarke.com\/wp-content\/gallery\/sunnyside\/sunnyside-fauteuil-2537a.jpg\"\n\t\t\t\ttitle=\"Mobilier Sunnyside. Fauteuil. 2019. Photo David Michael Clarke. \u00a9 ADAGP, Paris 2019 \/ David Michael Clarke.\"\n\t\t\t\tdata-src=\"http:\/\/www.davidmichaelclarke.com\/wp-content\/gallery\/sunnyside\/sunnyside-fauteuil-2537a.jpg\"\n\t\t\t\tdata-thumbnail=\"http:\/\/www.davidmichaelclarke.com\/wp-content\/gallery\/sunnyside\/thumbs\/thumbs_sunnyside-fauteuil-2537a.jpg\"\n\t\t\t\tdata-image-id=\"1299\"\n\t\t\t\tdata-title=\"Mobilier Sunnyside. Fauteuil. 2019. Photo David Michael Clarke. \u00a9 ADAGP, Paris 2019 \/ David Michael Clarke.\"\n\t\t\t\tdata-description=\"Mobilier Sunnyside. Fauteuil. 2019. Photo David Michael Clarke. \u00a9 ADAGP, Paris 2019 \/ David Michael Clarke.\"\n\t\t\t\tdata-image-slug=\"sunnyside-fauteuil-2537a\"\n\t\t\t\tclass=\"ngg-fancybox\" rel=\"61e556d9537082349d44ec19507bd6ad\">\n\t\t\t\t<img\n\t\t\t\t\ttitle=\"Mobilier Sunnyside. Fauteuil. 2019. Photo David Michael Clarke. \u00a9 ADAGP, Paris 2019 \/ David Michael Clarke.\"\n\t\t\t\t\talt=\"Mobilier Sunnyside. Fauteuil. 2019. Photo David Michael Clarke. \u00a9 ADAGP, Paris 2019 \/ David Michael Clarke.\"\n\t\t\t\t\tsrc=\"http:\/\/www.davidmichaelclarke.com\/wp-content\/gallery\/sunnyside\/thumbs\/thumbs_sunnyside-fauteuil-2537a.jpg\"\n\t\t\t\t\twidth=\"210\"\n\t\t\t\t\theight=\"140\"\n\t\t\t\t\tstyle=\"max-width:100%;\"\n\t\t\t\t\/>\n\t\t\t<\/a>\n\t\t<\/div>\n\t\t\t\t\t\t\t<\/div> \n\t\t\t\n\t\t\n\t\t\t\t<div id=\"ngg-image-3\" class=\"ngg-gallery-thumbnail-box\" \n\t\t\t\t\t\t\t\t\t\t\t>\n\t\t\t\t\t\t<div class=\"ngg-gallery-thumbnail\">\n\t\t\t<a href=\"http:\/\/www.davidmichaelclarke.com\/wp-content\/gallery\/sunnyside\/sunnyside-canape-2510a.jpg\"\n\t\t\t\ttitle=\"Mobilier Sunnyside. Canap\u00e9-lit. 2019. Photo David Michael Clarke. \u00a9 ADAGP, Paris 2019 \/ David Michael Clarke.\"\n\t\t\t\tdata-src=\"http:\/\/www.davidmichaelclarke.com\/wp-content\/gallery\/sunnyside\/sunnyside-canape-2510a.jpg\"\n\t\t\t\tdata-thumbnail=\"http:\/\/www.davidmichaelclarke.com\/wp-content\/gallery\/sunnyside\/thumbs\/thumbs_sunnyside-canape-2510a.jpg\"\n\t\t\t\tdata-image-id=\"1291\"\n\t\t\t\tdata-title=\"Mobilier Sunnyside. Canap\u00e9-lit. 2019. Photo David Michael Clarke. \u00a9 ADAGP, Paris 2019 \/ David Michael Clarke.\"\n\t\t\t\tdata-description=\"Mobilier Sunnyside. Canap\u00e9-lit. 2019. Photo David Michael Clarke. \u00a9 ADAGP, Paris 2019 \/ David Michael Clarke.\"\n\t\t\t\tdata-image-slug=\"sunnyside-canape-2510a\"\n\t\t\t\tclass=\"ngg-fancybox\" rel=\"61e556d9537082349d44ec19507bd6ad\">\n\t\t\t\t<img\n\t\t\t\t\ttitle=\"Mobilier Sunnyside. Canap\u00e9-lit. 2019. Photo David Michael Clarke. \u00a9 ADAGP, Paris 2019 \/ David Michael Clarke.\"\n\t\t\t\t\talt=\"Mobilier Sunnyside. Canap\u00e9-lit. 2019. Photo David Michael Clarke. \u00a9 ADAGP, Paris 2019 \/ David Michael Clarke.\"\n\t\t\t\t\tsrc=\"http:\/\/www.davidmichaelclarke.com\/wp-content\/gallery\/sunnyside\/thumbs\/thumbs_sunnyside-canape-2510a.jpg\"\n\t\t\t\t\twidth=\"210\"\n\t\t\t\t\theight=\"140\"\n\t\t\t\t\tstyle=\"max-width:100%;\"\n\t\t\t\t\/>\n\t\t\t<\/a>\n\t\t<\/div>\n\t\t\t\t\t\t\t<\/div> \n\t\t\t\n\t\t\n\t\t\t\t<div id=\"ngg-image-4\" class=\"ngg-gallery-thumbnail-box\" \n\t\t\t\t\t\t\t\t\t\t\t>\n\t\t\t\t\t\t<div class=\"ngg-gallery-thumbnail\">\n\t\t\t<a href=\"http:\/\/www.davidmichaelclarke.com\/wp-content\/gallery\/sunnyside\/sunnyside-canape-2512a.jpg\"\n\t\t\t\ttitle=\"Mobilier Sunnyside. Canap\u00e9-lit. 2019. Photo David Michael Clarke. \u00a9 ADAGP, Paris 2019 \/ David Michael Clarke.\"\n\t\t\t\tdata-src=\"http:\/\/www.davidmichaelclarke.com\/wp-content\/gallery\/sunnyside\/sunnyside-canape-2512a.jpg\"\n\t\t\t\tdata-thumbnail=\"http:\/\/www.davidmichaelclarke.com\/wp-content\/gallery\/sunnyside\/thumbs\/thumbs_sunnyside-canape-2512a.jpg\"\n\t\t\t\tdata-image-id=\"1292\"\n\t\t\t\tdata-title=\"Mobilier Sunnyside. Canap\u00e9-lit. 2019. Photo David Michael Clarke. \u00a9 ADAGP, Paris 2019 \/ David Michael Clarke.\"\n\t\t\t\tdata-description=\"Mobilier Sunnyside. Canap\u00e9-lit. 2019. Photo David Michael Clarke. \u00a9 ADAGP, Paris 2019 \/ David Michael Clarke.\"\n\t\t\t\tdata-image-slug=\"sunnyside-canape-2512a\"\n\t\t\t\tclass=\"ngg-fancybox\" rel=\"61e556d9537082349d44ec19507bd6ad\">\n\t\t\t\t<img\n\t\t\t\t\ttitle=\"Mobilier Sunnyside. Canap\u00e9-lit. 2019. Photo David Michael Clarke. \u00a9 ADAGP, Paris 2019 \/ David Michael Clarke.\"\n\t\t\t\t\talt=\"Mobilier Sunnyside. Canap\u00e9-lit. 2019. Photo David Michael Clarke. \u00a9 ADAGP, Paris 2019 \/ David Michael Clarke.\"\n\t\t\t\t\tsrc=\"http:\/\/www.davidmichaelclarke.com\/wp-content\/gallery\/sunnyside\/thumbs\/thumbs_sunnyside-canape-2512a.jpg\"\n\t\t\t\t\twidth=\"210\"\n\t\t\t\t\theight=\"140\"\n\t\t\t\t\tstyle=\"max-width:100%;\"\n\t\t\t\t\/>\n\t\t\t<\/a>\n\t\t<\/div>\n\t\t\t\t\t\t\t<\/div> \n\t\t\t\n\t\t\n\t\t\t\t<div id=\"ngg-image-5\" class=\"ngg-gallery-thumbnail-box\" \n\t\t\t\t\t\t\t\t\t\t\t>\n\t\t\t\t\t\t<div class=\"ngg-gallery-thumbnail\">\n\t\t\t<a href=\"http:\/\/www.davidmichaelclarke.com\/wp-content\/gallery\/sunnyside\/sunnyside-canape-2514a.jpg\"\n\t\t\t\ttitle=\"Mobilier Sunnyside. Canap\u00e9-lit. 2019. Photo David Michael Clarke. \u00a9 ADAGP, Paris 2019 \/ David Michael Clarke.\"\n\t\t\t\tdata-src=\"http:\/\/www.davidmichaelclarke.com\/wp-content\/gallery\/sunnyside\/sunnyside-canape-2514a.jpg\"\n\t\t\t\tdata-thumbnail=\"http:\/\/www.davidmichaelclarke.com\/wp-content\/gallery\/sunnyside\/thumbs\/thumbs_sunnyside-canape-2514a.jpg\"\n\t\t\t\tdata-image-id=\"1293\"\n\t\t\t\tdata-title=\"Mobilier Sunnyside. Canap\u00e9-lit. 2019. Photo David Michael Clarke. \u00a9 ADAGP, Paris 2019 \/ David Michael Clarke.\"\n\t\t\t\tdata-description=\"Mobilier Sunnyside. Canap\u00e9-lit. 2019. Photo David Michael Clarke. \u00a9 ADAGP, Paris 2019 \/ David Michael Clarke.\"\n\t\t\t\tdata-image-slug=\"sunnyside-canape-2514a\"\n\t\t\t\tclass=\"ngg-fancybox\" rel=\"61e556d9537082349d44ec19507bd6ad\">\n\t\t\t\t<img\n\t\t\t\t\ttitle=\"Mobilier Sunnyside. Canap\u00e9-lit. 2019. Photo David Michael Clarke. \u00a9 ADAGP, Paris 2019 \/ David Michael Clarke.\"\n\t\t\t\t\talt=\"Mobilier Sunnyside. Canap\u00e9-lit. 2019. Photo David Michael Clarke. \u00a9 ADAGP, Paris 2019 \/ David Michael Clarke.\"\n\t\t\t\t\tsrc=\"http:\/\/www.davidmichaelclarke.com\/wp-content\/gallery\/sunnyside\/thumbs\/thumbs_sunnyside-canape-2514a.jpg\"\n\t\t\t\t\twidth=\"210\"\n\t\t\t\t\theight=\"140\"\n\t\t\t\t\tstyle=\"max-width:100%;\"\n\t\t\t\t\/>\n\t\t\t<\/a>\n\t\t<\/div>\n\t\t\t\t\t\t\t<\/div> \n\t\t\t\n\t\t\n\t\t\t\t<div id=\"ngg-image-6\" class=\"ngg-gallery-thumbnail-box\" \n\t\t\t\t\t\t\t\t\t\t\t>\n\t\t\t\t\t\t<div class=\"ngg-gallery-thumbnail\">\n\t\t\t<a href=\"http:\/\/www.davidmichaelclarke.com\/wp-content\/gallery\/sunnyside\/sunnyside-canape-2518a.jpg\"\n\t\t\t\ttitle=\"Mobilier Sunnyside. Canap\u00e9-lit. 2019. Photo David Michael Clarke. \u00a9 ADAGP, Paris 2019 \/ David Michael Clarke.\"\n\t\t\t\tdata-src=\"http:\/\/www.davidmichaelclarke.com\/wp-content\/gallery\/sunnyside\/sunnyside-canape-2518a.jpg\"\n\t\t\t\tdata-thumbnail=\"http:\/\/www.davidmichaelclarke.com\/wp-content\/gallery\/sunnyside\/thumbs\/thumbs_sunnyside-canape-2518a.jpg\"\n\t\t\t\tdata-image-id=\"1294\"\n\t\t\t\tdata-title=\"Mobilier Sunnyside. Canap\u00e9-lit. 2019. Photo David Michael Clarke. \u00a9 ADAGP, Paris 2019 \/ David Michael Clarke.\"\n\t\t\t\tdata-description=\"Mobilier Sunnyside. Canap\u00e9-lit. 2019. Photo David Michael Clarke. \u00a9 ADAGP, Paris 2019 \/ David Michael Clarke.\"\n\t\t\t\tdata-image-slug=\"sunnyside-canape-2518a\"\n\t\t\t\tclass=\"ngg-fancybox\" rel=\"61e556d9537082349d44ec19507bd6ad\">\n\t\t\t\t<img\n\t\t\t\t\ttitle=\"Mobilier Sunnyside. Canap\u00e9-lit. 2019. Photo David Michael Clarke. \u00a9 ADAGP, Paris 2019 \/ David Michael Clarke.\"\n\t\t\t\t\talt=\"Mobilier Sunnyside. Canap\u00e9-lit. 2019. Photo David Michael Clarke. \u00a9 ADAGP, Paris 2019 \/ David Michael Clarke.\"\n\t\t\t\t\tsrc=\"http:\/\/www.davidmichaelclarke.com\/wp-content\/gallery\/sunnyside\/thumbs\/thumbs_sunnyside-canape-2518a.jpg\"\n\t\t\t\t\twidth=\"210\"\n\t\t\t\t\theight=\"140\"\n\t\t\t\t\tstyle=\"max-width:100%;\"\n\t\t\t\t\/>\n\t\t\t<\/a>\n\t\t<\/div>\n\t\t\t\t\t\t\t<\/div> \n\t\t\t\n\t\t\n\t\t\t\t<div id=\"ngg-image-7\" class=\"ngg-gallery-thumbnail-box\" \n\t\t\t\t\t\t\t\t\t\t\t>\n\t\t\t\t\t\t<div class=\"ngg-gallery-thumbnail\">\n\t\t\t<a href=\"http:\/\/www.davidmichaelclarke.com\/wp-content\/gallery\/sunnyside\/sunnyside-canape-2521a.jpg\"\n\t\t\t\ttitle=\"Mobilier Sunnyside. Canap\u00e9-lit. 2019. Photo David Michael Clarke. \u00a9 ADAGP, Paris 2019 \/ David Michael Clarke.\"\n\t\t\t\tdata-src=\"http:\/\/www.davidmichaelclarke.com\/wp-content\/gallery\/sunnyside\/sunnyside-canape-2521a.jpg\"\n\t\t\t\tdata-thumbnail=\"http:\/\/www.davidmichaelclarke.com\/wp-content\/gallery\/sunnyside\/thumbs\/thumbs_sunnyside-canape-2521a.jpg\"\n\t\t\t\tdata-image-id=\"1295\"\n\t\t\t\tdata-title=\"Mobilier Sunnyside. Canap\u00e9-lit. 2019. Photo David Michael Clarke. \u00a9 ADAGP, Paris 2019 \/ David Michael Clarke.\"\n\t\t\t\tdata-description=\"Mobilier Sunnyside. Canap\u00e9-lit. 2019. Photo David Michael Clarke. \u00a9 ADAGP, Paris 2019 \/ David Michael Clarke.\"\n\t\t\t\tdata-image-slug=\"sunnyside-canape-2521a\"\n\t\t\t\tclass=\"ngg-fancybox\" rel=\"61e556d9537082349d44ec19507bd6ad\">\n\t\t\t\t<img\n\t\t\t\t\ttitle=\"Mobilier Sunnyside. Canap\u00e9-lit. 2019. Photo David Michael Clarke. \u00a9 ADAGP, Paris 2019 \/ David Michael Clarke.\"\n\t\t\t\t\talt=\"Mobilier Sunnyside. Canap\u00e9-lit. 2019. Photo David Michael Clarke. \u00a9 ADAGP, Paris 2019 \/ David Michael Clarke.\"\n\t\t\t\t\tsrc=\"http:\/\/www.davidmichaelclarke.com\/wp-content\/gallery\/sunnyside\/thumbs\/thumbs_sunnyside-canape-2521a.jpg\"\n\t\t\t\t\twidth=\"210\"\n\t\t\t\t\theight=\"140\"\n\t\t\t\t\tstyle=\"max-width:100%;\"\n\t\t\t\t\/>\n\t\t\t<\/a>\n\t\t<\/div>\n\t\t\t\t\t\t\t<\/div> \n\t\t\t\n\t\t\n\t\t\n\t\t<div class=\"ngg-clear\"><\/div>\n\t<\/div>\n\n\n\n\n<p>Le mobilier, <em>Sunnyside Suite<\/em> a \u00e9t\u00e9 r\u00e9aliser pour l&rsquo;exposition, <em>Chez soi, demain maintenant<\/em> \u00e0 l&rsquo;Artoth\u00e8que de Vitr\u00e9 en 2019. Le point de d\u00e9part de cette a \u00e9t\u00e9 le c\u00e9l\u00e8bre collage,&nbsp;<em>Just what is it that makes today\u2019s homes so different, so appealing ?<\/em>&nbsp;r\u00e9alis\u00e9 par Richard Hamilton en 1956.&nbsp;Afin de d\u00e9finir l\u2019espace d\u2019exposition et d\u2019\u00e9voquer chaque \u00e9l\u00e9ment&nbsp;constituant l\u2019image d\u2019origine, j\u2019ai commenc\u00e9 \u00e0 dessiner le mobilier, notamment deux fauteuils et un canap\u00e9-lit.<\/p>\n\n\n\n<p>En g\u00e9n\u00e9ral, je trouve les canap\u00e9s convertibles tr\u00e8s lourds visuellement. Ceci est sans doute d\u00fb au volume massif n\u00e9cessaire pour cacher le m\u00e9canisme de pliage. J\u2019ai voulu proposer quelque chose de l\u00e9ger et de sculptural comme la s\u00e9rie\u00a0<em>Westside<\/em>\u00a0du designer Ettore Sottass. Ce mobilier est constitu\u00e9 principalement de formes carr\u00e9s et triangulaires. Ici, j\u2019ai d\u00e9cid\u00e9 d\u2019int\u00e9grer le rond.<\/p>\n\n\n\n<p><strong>Voir Aussi:<\/strong><br><a href=\"http:\/\/www.davidmichaelclarke.com\/fr\/chez-soi-demain-maintenant\/\">Chez Soi, Demain Maintenant<\/a><\/p>\n","protected":false},"excerpt":{"rendered":"<p>Mobilier (canap\u00e9-lit &amp; deux fauteuils), 2019. Contreplaqu\u00e9 peint, tissu coton, mousse. Production Artoth\u00e8que de Vitr\u00e9. Le mobilier, Sunnyside Suite a \u00e9t\u00e9 r\u00e9aliser pour l&rsquo;exposition, Chez soi, demain maintenant \u00e0 l&rsquo;Artoth\u00e8que&hellip; <\/p>\n","protected":false},"author":1,"featured_media":5800,"comment_status":"closed","ping_status":"open","sticky":false,"template":"","format":"standard","meta":{"ngg_post_thumbnail":0,"footnotes":""},"categories":[22],"tags":[145,73],"_links":{"self":[{"href":"http:\/\/www.davidmichaelclarke.com\/index.php?rest_route=\/wp\/v2\/posts\/5813"}],"collection":[{"href":"http:\/\/www.davidmichaelclarke.com\/index.php?rest_route=\/wp\/v2\/posts"}],"about":[{"href":"http:\/\/www.davidmichaelclarke.com\/index.php?rest_route=\/wp\/v2\/types\/post"}],"author":[{"embeddable":true,"href":"http:\/\/www.davidmichaelclarke.com\/index.php?rest_route=\/wp\/v2\/users\/1"}],"replies":[{"embeddable":true,"href":"http:\/\/www.davidmichaelclarke.com\/index.php?rest_route=%2Fwp%2Fv2%2Fcomments&post=5813"}],"version-history":[{"count":10,"href":"http:\/\/www.davidmichaelclarke.com\/index.php?rest_route=\/wp\/v2\/posts\/5813\/revisions"}],"predecessor-version":[{"id":5970,"href":"http:\/\/www.davidmichaelclarke.com\/index.php?rest_route=\/wp\/v2\/posts\/5813\/revisions\/5970"}],"wp:featuredmedia":[{"embeddable":true,"href":"http:\/\/www.davidmichaelclarke.com\/index.php?rest_route=\/wp\/v2\/media\/5800"}],"wp:attachment":[{"href":"http:\/\/www.davidmichaelclarke.com\/index.php?rest_route=%2Fwp%2Fv2%2Fmedia&parent=5813"}],"wp:term":[{"taxonomy":"category","embeddable":true,"href":"http:\/\/www.davidmichaelclarke.com\/index.php?rest_route=%2Fwp%2Fv2%2Fcategories&post=5813"},{"taxonomy":"post_tag","embeddable":true,"href":"http:\/\/www.davidmichaelclarke.com\/index.php?rest_route=%2Fwp%2Fv2%2Ftags&post=5813"}],"curies":[{"name":"wp","href":"https:\/\/api.w.org\/{rel}","templated":true}]}}